{"id":833,"date":"2026-04-27T16:34:08","date_gmt":"2026-04-27T14:34:08","guid":{"rendered":"https:\/\/www.terrefrancescane.com\/blog\/?p=833"},"modified":"2026-04-27T16:34:08","modified_gmt":"2026-04-27T14:34:08","slug":"tuttofood-2","status":"publish","type":"post","link":"https:\/\/www.terrefrancescane.com\/blog\/tuttofood-2\/","title":{"rendered":"TUTTOFOOD"},"content":{"rendered":"\n<p>Tuttofood Milano \u00e8 una delle fiere del settore alimentare pi\u00f9 attese in Europa, che riunisce una vasta gamma di espositori e visitatori provenienti da tutto il mondo. In programma dall&#8217;<strong>11 al 14 maggio 2026<\/strong>, questo evento promette di presentare un&#8217;impressionante variet\u00e0 di prodotti, innovazioni e tendenze nel settore alimentare.<\/p>\n\n\n\n<p><strong>Terre Francescane a Tuttofood Milano<\/strong><br>Terre Francescane, nota per la sua eccezionale qualit\u00e0 e l&#8217;impegno nei confronti dei prodotti italiani autentici, parteciper\u00e0 a questo prestigioso evento. La sua presenza a Tuttofood Milano sar\u00e0 nel <strong>Padiglione 10, Stand F01<\/strong>. Visitare il suo stand sar\u00e0 un&#8217;ottima opportunit\u00e0 per i partecipanti di sperimentare i ricchi sapori e l&#8217;artigianalit\u00e0 per cui Terre Francescane \u00e8 rinomata.<\/p>\n\n\n\n<p><\/p>\n\n\n\n<p>TERRE FRANCESCANE | Natura d&#8217;Autore dal 1639<\/p>\n","protected":false},"excerpt":{"rendered":"<p>11 &#8211; 14 maggio 2026 Pad.10 Stand F01<\/p>\n","protected":false},"author":4,"featured_media":834,"comment_status":"closed","ping_status":"","sticky":false,"template":"","format":"standard","meta":[],"categories":[8,6,9],"tags":[5,32,237],"lang":"it","translations":{"it":833},"pll_sync_post":[],"_links":{"self":[{"href":"https:\/\/www.terrefrancescane.com\/blog\/wp-json\/wp\/v2\/posts\/833"}],"collection":[{"href":"https:\/\/www.terrefrancescane.com\/blog\/wp-json\/wp\/v2\/posts"}],"about":[{"href":"https:\/\/www.terrefrancescane.com\/blog\/wp-json\/wp\/v2\/types\/post"}],"author":[{"embeddable":true,"href":"https:\/\/www.terrefrancescane.com\/blog\/wp-json\/wp\/v2\/users\/4"}],"replies":[{"embeddable":true,"href":"https:\/\/www.terrefrancescane.com\/blog\/wp-json\/wp\/v2\/comments?post=833"}],"version-history":[{"count":1,"href":"https:\/\/www.terrefrancescane.com\/blog\/wp-json\/wp\/v2\/posts\/833\/revisions"}],"predecessor-version":[{"id":835,"href":"https:\/\/www.terrefrancescane.com\/blog\/wp-json\/wp\/v2\/posts\/833\/revisions\/835"}],"wp:featuredmedia":[{"embeddable":true,"href":"https:\/\/www.terrefrancescane.com\/blog\/wp-json\/wp\/v2\/media\/834"}],"wp:attachment":[{"href":"https:\/\/www.terrefrancescane.com\/blog\/wp-json\/wp\/v2\/media?parent=833"}],"wp:term":[{"taxonomy":"category","embeddable":true,"href":"https:\/\/www.terrefrancescane.com\/blog\/wp-json\/wp\/v2\/categories?post=833"},{"taxonomy":"post_tag","embeddable":true,"href":"https:\/\/www.terrefrancescane.com\/blog\/wp-json\/wp\/v2\/tags?post=833"}],"curies":[{"name":"wp","href":"https:\/\/api.w.org\/{rel}","templated":true}]}}