{"id":419,"date":"2023-02-08T15:21:19","date_gmt":"2023-02-08T14:21:19","guid":{"rendered":"https:\/\/www.terrefrancescane.com\/blog\/?p=419"},"modified":"2023-02-08T16:06:54","modified_gmt":"2023-02-08T15:06:54","slug":"our-beautiful-people-3","status":"publish","type":"post","link":"https:\/\/www.terrefrancescane.com\/blog\/our-beautiful-people-3\/","title":{"rendered":"OUR BEAUTIFUL PEOPLE"},"content":{"rendered":"\n<p><strong>Alessia Gironi<\/strong> &#8211; Brand Manager<\/p>\n\n\n\n<p>Vi sveliamo un segreto: nel lontano 2009 abbiamo ideato il brand \u201cA Beautiful Oil for Beautiful People\u201d. Di base c\u2019\u00e8 il concetto che per noi le \u201cpersone\u201d contano: i nostri collaboratori, che sono le colonne portanti dell\u2019azienda.<\/p>\n\n\n\n<p>Nata nell\u2019anno dei mondiali pi\u00f9 famosi d\u2019Italia (a voi decidere se il 1982 oppure il 1990), Alessia \u00e8 una globetrotter con i fiocchi. Dopo la laurea in Giornalismo ed una specialistica in Comunicazione d\u2019Impresa, inizia a girare il mondo lavorando come organizzatrice di eventi e congressi medici. Per dieci anni viaggia pi\u00f9 in cielo che in terra e si ferma soltanto nel 2013 quando, dopo l\u2019incontro con Andrea Gradassi, nasce la loro figlia Vittoria.<\/p>\n\n\n\n<p>Da quel momento Alessia, adottata dall\u2019Umbria, inizia a lavorare in Terre Francescane &amp; Gradassi, come Responsabile Marketing e Social Media Manager, portando una ventata di freschezza e contribuendo all\u2019innovazione delle strategie di comunicazione per adattarle alla modernit\u00e0.<\/p>\n\n\n\n<p>Testarda, orgogliosa, visionaria, talvolta fin troppo \u201cesplosiva\u201d, \u00e8&nbsp;oggi <strong>Brand Manager<\/strong> dell\u2019azienda con la finalit\u00e0 di coniugare la lunga tradizione della famiglia Gradassi con la necessit\u00e0 di adattamento alle sempre pi\u00f9 volubili richieste del mercato e dei consumatori.<\/p>\n\n\n\n<p>\u00c8 l\u2019emblema dell\u2019empowerment femminile, per il quale si batte, rivendicando il ruolo fondamentale delle donne nel mondo del lavoro.<\/p>\n\n\n\n<p>Appassionata di scrittura, divoratrice di libri, ama tutto ci\u00f2 che la fa stare bene: la natura, le camminate in montagna, il mare, la meditazione, la buona cucina (\u00e8 un&#8217;ottima forchetta!), la buona compagnia, ma soprattutto Vittoria e Andrea.<\/p>\n","protected":false},"excerpt":{"rendered":"<p>Alessia Gironi<\/p>\n","protected":false},"author":4,"featured_media":420,"comment_status":"closed","ping_status":"","sticky":false,"template":"","format":"standard","meta":[],"categories":[8,6,9],"tags":[5,32,237],"lang":"it","translations":{"it":419},"pll_sync_post":[],"_links":{"self":[{"href":"https:\/\/www.terrefrancescane.com\/blog\/wp-json\/wp\/v2\/posts\/419"}],"collection":[{"href":"https:\/\/www.terrefrancescane.com\/blog\/wp-json\/wp\/v2\/posts"}],"about":[{"href":"https:\/\/www.terrefrancescane.com\/blog\/wp-json\/wp\/v2\/types\/post"}],"author":[{"embeddable":true,"href":"https:\/\/www.terrefrancescane.com\/blog\/wp-json\/wp\/v2\/users\/4"}],"replies":[{"embeddable":true,"href":"https:\/\/www.terrefrancescane.com\/blog\/wp-json\/wp\/v2\/comments?post=419"}],"version-history":[{"count":2,"href":"https:\/\/www.terrefrancescane.com\/blog\/wp-json\/wp\/v2\/posts\/419\/revisions"}],"predecessor-version":[{"id":423,"href":"https:\/\/www.terrefrancescane.com\/blog\/wp-json\/wp\/v2\/posts\/419\/revisions\/423"}],"wp:featuredmedia":[{"embeddable":true,"href":"https:\/\/www.terrefrancescane.com\/blog\/wp-json\/wp\/v2\/media\/420"}],"wp:attachment":[{"href":"https:\/\/www.terrefrancescane.com\/blog\/wp-json\/wp\/v2\/media?parent=419"}],"wp:term":[{"taxonomy":"category","embeddable":true,"href":"https:\/\/www.terrefrancescane.com\/blog\/wp-json\/wp\/v2\/categories?post=419"},{"taxonomy":"post_tag","embeddable":true,"href":"https:\/\/www.terrefrancescane.com\/blog\/wp-json\/wp\/v2\/tags?post=419"}],"curies":[{"name":"wp","href":"https:\/\/api.w.org\/{rel}","templated":true}]}}